{"id":73882,"date":"2023-07-04T15:25:14","date_gmt":"2023-07-04T13:25:14","guid":{"rendered":"https:\/\/dutchdakota.nl\/nieuws\/voile-den-helder\/"},"modified":"2023-07-04T15:25:14","modified_gmt":"2023-07-04T13:25:14","slug":"voile-den-helder","status":"publish","type":"post","link":"https:\/\/dutchdakota.nl\/fr\/nieuws\/voile-den-helder\/","title":{"rendered":"Voile Den Helder"},"content":{"rendered":"<p><a href=\"https:\/\/saildenhelder.nl\/\" target=\"_blank\" rel=\"noopener\">Sail Den Helder<\/a>, du 29 juin au 2 juillet, est un \u00e9v\u00e9nement maritime de grande envergure mettant en vedette 40 majestueux grands voiliers et 180 navires du patrimoine de la voile. Et quoi de mieux que de voir tous les navires sp\u00e9ciaux depuis le ciel.<\/p>\n<p>Au cours du week-end, notre DC-3 Dakota a effectu\u00e9 plusieurs vols vers le nord pour visiter cet \u00e9v\u00e9nement spectaculaire depuis les airs. Le Varend Erfgoed, en particulier, comprend une vari\u00e9t\u00e9 de navires historiques qui ont jou\u00e9 un r\u00f4le important dans l&rsquo;histoire maritime des Pays-Bas. Ces navires ne sont pas seulement de beaux exemples d&rsquo;artisanat, ils repr\u00e9sentent aussi notre riche pass\u00e9 maritime.<\/p>\n<p>Voici quelques photos de cet \u00e9v\u00e9nement, prises par le commandant de bord du DC-3, Tom van Hoorn.<\/p>\n","protected":false},"excerpt":{"rendered":"<p>Sail Den Helder, du 29 juin au 2 juillet, est un \u00e9v\u00e9nement maritime de grande envergure mettant en vedette 40 majestueux grands voiliers et 180 navires du patrimoine de la voile. Et quoi de mieux que de voir tous les navires sp\u00e9ciaux depuis le ciel. Au cours du week-end, notre DC-3 Dakota a effectu\u00e9 plusieurs&hellip;<\/p>\n","protected":false},"author":5,"featured_media":73813,"comment_status":"closed","ping_status":"closed","sticky":false,"template":"","format":"standard","meta":{"footnotes":""},"categories":[553],"tags":[],"class_list":["post-73882","post","type-post","status-publish","format-standard","has-post-thumbnail","hentry","category-communique-de-presse","category-553","description-off"],"cp_meta_data":{"_encloseme":["1"],"_yoast_wpseo_primary_category":["466"],"_wpml_media_duplicate":["1"],"_wpml_media_featured":["1"],"_dt_sidebar_hide_on_mobile":["0"],"_dt_footer_hide_on_mobile":["0"],"_dt_header_background_below_slideshow":["disabled"],"_dt_header_transparent_bg_color_scheme":["light"],"_dt_header_background":["normal"],"_dt_header_title":["enabled"],"_dt_header_transparent_bg_color":["#000000"],"_dt_header_transparent_bg_opacity":["50"],"_dt_post_options_hide_thumbnail":["0"],"_dt_post_options_preview":["normal"],"_dt_post_options_related_mode":["same"],"_dt_sidebar_position":["disabled"],"_dt_header_disabled_background":["normal"],"_dt_header_disabled_transparent_bg_color":["#000000"],"_dt_header_disabled_transparent_bg_color_scheme":["light"],"_dt_header_disabled_transparent_bg_opacity":["50"],"_dt_header_disabled_transparent_top_bar_bg_color":["#ffffff"],"_dt_header_disabled_transparent_top_bar_bg_opacity":["25"],"_dt_header_transparent_top_bar_bg_color":["#ffffff"],"_dt_header_transparent_top_bar_bg_opacity":["25"],"_top_nav_excluded":[""],"_cms_nav_minihome":[""],"_wp_page_template":["default"],"_dt_footer_show":["1"],"_dt_footer_widgetarea_id":["sidebar_2"],"_dt_microsite_primary_menu":[""],"_dt_microsite_split_left_menu":[""],"_dt_microsite_split_right_menu":[""],"_dt_microsite_mobile_menu":[""],"_dt_sidebar_widgetarea_id":["sidebar_1"],"_thumbnail_id":["73813"]},"yoast_head":"<!-- This site is optimized with the Yoast SEO plugin v27.5 - https:\/\/yoast.com\/product\/yoast-seo-wordpress\/ -->\n<title>Voile Den Helder - DDA Classic Airlines<\/title>\n<meta name=\"robots\" content=\"index, follow, max-snippet:-1, max-image-preview:large, max-video-preview:-1\" \/>\n<link rel=\"canonical\" href=\"https:\/\/dutchdakota.nl\/fr\/nieuws\/voile-den-helder\/\" \/>\n<meta property=\"og:locale\" content=\"fr_FR\" \/>\n<meta property=\"og:type\" content=\"article\" \/>\n<meta property=\"og:title\" content=\"Voile Den Helder - DDA Classic Airlines\" \/>\n<meta property=\"og:description\" content=\"Sail Den Helder, du 29 juin au 2 juillet, est un \u00e9v\u00e9nement maritime de grande envergure mettant en vedette 40 majestueux grands voiliers et 180 navires du patrimoine de la voile. Et quoi de mieux que de voir tous les navires sp\u00e9ciaux depuis le ciel. Au cours du week-end, notre DC-3 Dakota a effectu\u00e9 plusieurs&hellip;\" \/>\n<meta property=\"og:url\" content=\"https:\/\/dutchdakota.nl\/fr\/nieuws\/voile-den-helder\/\" \/>\n<meta property=\"og:site_name\" content=\"DDA Classic Airlines\" \/>\n<meta property=\"article:published_time\" content=\"2023-07-04T13:25:14+00:00\" \/>\n<meta property=\"og:image\" content=\"https:\/\/dutchdakota.nl\/wp-content\/uploads\/2023\/10\/Scherm\u00adafbeelding-2023-10-30-om-15.26.24-768x767.png\" \/>\n\t<meta property=\"og:image:width\" content=\"768\" \/>\n\t<meta property=\"og:image:height\" content=\"767\" \/>\n\t<meta property=\"og:image:type\" content=\"image\/png\" \/>\n<meta name=\"author\" content=\"Cinette Wassing-Philips\" \/>\n<meta name=\"twitter:card\" content=\"summary_large_image\" \/>\n<meta name=\"twitter:label1\" content=\"\u00c9crit par\" \/>\n\t<meta name=\"twitter:data1\" content=\"Cinette Wassing-Philips\" \/>\n\t<meta name=\"twitter:label2\" content=\"Dur\u00e9e de lecture estim\u00e9e\" \/>\n\t<meta name=\"twitter:data2\" content=\"1 minute\" \/>\n<script type=\"application\/ld+json\" class=\"yoast-schema-graph\">{\"@context\":\"https:\\\/\\\/schema.org\",\"@graph\":[{\"@type\":\"Article\",\"@id\":\"https:\\\/\\\/dutchdakota.nl\\\/fr\\\/nieuws\\\/voile-den-helder\\\/#article\",\"isPartOf\":{\"@id\":\"https:\\\/\\\/dutchdakota.nl\\\/fr\\\/nieuws\\\/voile-den-helder\\\/\"},\"author\":{\"name\":\"Cinette Wassing-Philips\",\"@id\":\"https:\\\/\\\/new.dutchdakota.nl\\\/fr\\\/#\\\/schema\\\/person\\\/18d8b7743354ea585bf155e329c951eb\"},\"headline\":\"Voile Den Helder\",\"datePublished\":\"2023-07-04T13:25:14+00:00\",\"mainEntityOfPage\":{\"@id\":\"https:\\\/\\\/dutchdakota.nl\\\/fr\\\/nieuws\\\/voile-den-helder\\\/\"},\"wordCount\":131,\"image\":{\"@id\":\"https:\\\/\\\/dutchdakota.nl\\\/fr\\\/nieuws\\\/voile-den-helder\\\/#primaryimage\"},\"thumbnailUrl\":\"https:\\\/\\\/dutchdakota.nl\\\/wp-content\\\/uploads\\\/2023\\\/10\\\/Scherm\u00adafbeelding-2023-10-30-om-15.26.24.png\",\"articleSection\":[\"Communiqu\u00e9 de presse\"],\"inLanguage\":\"fr-FR\"},{\"@type\":\"WebPage\",\"@id\":\"https:\\\/\\\/dutchdakota.nl\\\/fr\\\/nieuws\\\/voile-den-helder\\\/\",\"url\":\"https:\\\/\\\/dutchdakota.nl\\\/fr\\\/nieuws\\\/voile-den-helder\\\/\",\"name\":\"Voile Den Helder - DDA Classic Airlines\",\"isPartOf\":{\"@id\":\"https:\\\/\\\/new.dutchdakota.nl\\\/fr\\\/#website\"},\"primaryImageOfPage\":{\"@id\":\"https:\\\/\\\/dutchdakota.nl\\\/fr\\\/nieuws\\\/voile-den-helder\\\/#primaryimage\"},\"image\":{\"@id\":\"https:\\\/\\\/dutchdakota.nl\\\/fr\\\/nieuws\\\/voile-den-helder\\\/#primaryimage\"},\"thumbnailUrl\":\"https:\\\/\\\/dutchdakota.nl\\\/wp-content\\\/uploads\\\/2023\\\/10\\\/Scherm\u00adafbeelding-2023-10-30-om-15.26.24.png\",\"datePublished\":\"2023-07-04T13:25:14+00:00\",\"author\":{\"@id\":\"https:\\\/\\\/new.dutchdakota.nl\\\/fr\\\/#\\\/schema\\\/person\\\/18d8b7743354ea585bf155e329c951eb\"},\"breadcrumb\":{\"@id\":\"https:\\\/\\\/dutchdakota.nl\\\/fr\\\/nieuws\\\/voile-den-helder\\\/#breadcrumb\"},\"inLanguage\":\"fr-FR\",\"potentialAction\":[{\"@type\":\"ReadAction\",\"target\":[\"https:\\\/\\\/dutchdakota.nl\\\/fr\\\/nieuws\\\/voile-den-helder\\\/\"]}]},{\"@type\":\"ImageObject\",\"inLanguage\":\"fr-FR\",\"@id\":\"https:\\\/\\\/dutchdakota.nl\\\/fr\\\/nieuws\\\/voile-den-helder\\\/#primaryimage\",\"url\":\"https:\\\/\\\/dutchdakota.nl\\\/wp-content\\\/uploads\\\/2023\\\/10\\\/Scherm\u00adafbeelding-2023-10-30-om-15.26.24.png\",\"contentUrl\":\"https:\\\/\\\/dutchdakota.nl\\\/wp-content\\\/uploads\\\/2023\\\/10\\\/Scherm\u00adafbeelding-2023-10-30-om-15.26.24.png\",\"width\":1234,\"height\":1232},{\"@type\":\"BreadcrumbList\",\"@id\":\"https:\\\/\\\/dutchdakota.nl\\\/fr\\\/nieuws\\\/voile-den-helder\\\/#breadcrumb\",\"itemListElement\":[{\"@type\":\"ListItem\",\"position\":1,\"name\":\"Home\",\"item\":\"https:\\\/\\\/dutchdakota.nl\\\/fr\\\/accueil\\\/\"},{\"@type\":\"ListItem\",\"position\":2,\"name\":\"Voile Den Helder\"}]},{\"@type\":\"WebSite\",\"@id\":\"https:\\\/\\\/new.dutchdakota.nl\\\/fr\\\/#website\",\"url\":\"https:\\\/\\\/new.dutchdakota.nl\\\/fr\\\/\",\"name\":\"DDA Classic Airlines\",\"description\":\"Dutch Dakota Association\",\"potentialAction\":[{\"@type\":\"SearchAction\",\"target\":{\"@type\":\"EntryPoint\",\"urlTemplate\":\"https:\\\/\\\/new.dutchdakota.nl\\\/fr\\\/?s={search_term_string}\"},\"query-input\":{\"@type\":\"PropertyValueSpecification\",\"valueRequired\":true,\"valueName\":\"search_term_string\"}}],\"inLanguage\":\"fr-FR\"},{\"@type\":\"Person\",\"@id\":\"https:\\\/\\\/new.dutchdakota.nl\\\/fr\\\/#\\\/schema\\\/person\\\/18d8b7743354ea585bf155e329c951eb\",\"name\":\"Cinette Wassing-Philips\",\"image\":{\"@type\":\"ImageObject\",\"inLanguage\":\"fr-FR\",\"@id\":\"https:\\\/\\\/dutchdakota.nl\\\/wp-content\\\/litespeed\\\/avatar\\\/d6af7227cc7b4871a4007f48e8b4a203.jpg?ver=1777510017\",\"url\":\"https:\\\/\\\/dutchdakota.nl\\\/wp-content\\\/litespeed\\\/avatar\\\/d6af7227cc7b4871a4007f48e8b4a203.jpg?ver=1777510017\",\"contentUrl\":\"https:\\\/\\\/dutchdakota.nl\\\/wp-content\\\/litespeed\\\/avatar\\\/d6af7227cc7b4871a4007f48e8b4a203.jpg?ver=1777510017\",\"caption\":\"Cinette Wassing-Philips\"},\"url\":\"https:\\\/\\\/dutchdakota.nl\\\/fr\\\/nieuws\\\/author\\\/cinette\\\/\"}]}<\/script>\n<!-- \/ Yoast SEO plugin. -->","yoast_head_json":{"title":"Voile Den Helder - DDA Classic Airlines","robots":{"index":"index","follow":"follow","max-snippet":"max-snippet:-1","max-image-preview":"max-image-preview:large","max-video-preview":"max-video-preview:-1"},"canonical":"https:\/\/dutchdakota.nl\/fr\/nieuws\/voile-den-helder\/","og_locale":"fr_FR","og_type":"article","og_title":"Voile Den Helder - DDA Classic Airlines","og_description":"Sail Den Helder, du 29 juin au 2 juillet, est un \u00e9v\u00e9nement maritime de grande envergure mettant en vedette 40 majestueux grands voiliers et 180 navires du patrimoine de la voile. Et quoi de mieux que de voir tous les navires sp\u00e9ciaux depuis le ciel. Au cours du week-end, notre DC-3 Dakota a effectu\u00e9 plusieurs&hellip;","og_url":"https:\/\/dutchdakota.nl\/fr\/nieuws\/voile-den-helder\/","og_site_name":"DDA Classic Airlines","article_published_time":"2023-07-04T13:25:14+00:00","og_image":[{"width":768,"height":767,"url":"https:\/\/dutchdakota.nl\/wp-content\/uploads\/2023\/10\/Scherm\u00adafbeelding-2023-10-30-om-15.26.24-768x767.png","type":"image\/png"}],"author":"Cinette Wassing-Philips","twitter_card":"summary_large_image","twitter_misc":{"\u00c9crit par":"Cinette Wassing-Philips","Dur\u00e9e de lecture estim\u00e9e":"1 minute"},"schema":{"@context":"https:\/\/schema.org","@graph":[{"@type":"Article","@id":"https:\/\/dutchdakota.nl\/fr\/nieuws\/voile-den-helder\/#article","isPartOf":{"@id":"https:\/\/dutchdakota.nl\/fr\/nieuws\/voile-den-helder\/"},"author":{"name":"Cinette Wassing-Philips","@id":"https:\/\/new.dutchdakota.nl\/fr\/#\/schema\/person\/18d8b7743354ea585bf155e329c951eb"},"headline":"Voile Den Helder","datePublished":"2023-07-04T13:25:14+00:00","mainEntityOfPage":{"@id":"https:\/\/dutchdakota.nl\/fr\/nieuws\/voile-den-helder\/"},"wordCount":131,"image":{"@id":"https:\/\/dutchdakota.nl\/fr\/nieuws\/voile-den-helder\/#primaryimage"},"thumbnailUrl":"https:\/\/dutchdakota.nl\/wp-content\/uploads\/2023\/10\/Scherm\u00adafbeelding-2023-10-30-om-15.26.24.png","articleSection":["Communiqu\u00e9 de presse"],"inLanguage":"fr-FR"},{"@type":"WebPage","@id":"https:\/\/dutchdakota.nl\/fr\/nieuws\/voile-den-helder\/","url":"https:\/\/dutchdakota.nl\/fr\/nieuws\/voile-den-helder\/","name":"Voile Den Helder - DDA Classic Airlines","isPartOf":{"@id":"https:\/\/new.dutchdakota.nl\/fr\/#website"},"primaryImageOfPage":{"@id":"https:\/\/dutchdakota.nl\/fr\/nieuws\/voile-den-helder\/#primaryimage"},"image":{"@id":"https:\/\/dutchdakota.nl\/fr\/nieuws\/voile-den-helder\/#primaryimage"},"thumbnailUrl":"https:\/\/dutchdakota.nl\/wp-content\/uploads\/2023\/10\/Scherm\u00adafbeelding-2023-10-30-om-15.26.24.png","datePublished":"2023-07-04T13:25:14+00:00","author":{"@id":"https:\/\/new.dutchdakota.nl\/fr\/#\/schema\/person\/18d8b7743354ea585bf155e329c951eb"},"breadcrumb":{"@id":"https:\/\/dutchdakota.nl\/fr\/nieuws\/voile-den-helder\/#breadcrumb"},"inLanguage":"fr-FR","potentialAction":[{"@type":"ReadAction","target":["https:\/\/dutchdakota.nl\/fr\/nieuws\/voile-den-helder\/"]}]},{"@type":"ImageObject","inLanguage":"fr-FR","@id":"https:\/\/dutchdakota.nl\/fr\/nieuws\/voile-den-helder\/#primaryimage","url":"https:\/\/dutchdakota.nl\/wp-content\/uploads\/2023\/10\/Scherm\u00adafbeelding-2023-10-30-om-15.26.24.png","contentUrl":"https:\/\/dutchdakota.nl\/wp-content\/uploads\/2023\/10\/Scherm\u00adafbeelding-2023-10-30-om-15.26.24.png","width":1234,"height":1232},{"@type":"BreadcrumbList","@id":"https:\/\/dutchdakota.nl\/fr\/nieuws\/voile-den-helder\/#breadcrumb","itemListElement":[{"@type":"ListItem","position":1,"name":"Home","item":"https:\/\/dutchdakota.nl\/fr\/accueil\/"},{"@type":"ListItem","position":2,"name":"Voile Den Helder"}]},{"@type":"WebSite","@id":"https:\/\/new.dutchdakota.nl\/fr\/#website","url":"https:\/\/new.dutchdakota.nl\/fr\/","name":"DDA Classic Airlines","description":"Dutch Dakota Association","potentialAction":[{"@type":"SearchAction","target":{"@type":"EntryPoint","urlTemplate":"https:\/\/new.dutchdakota.nl\/fr\/?s={search_term_string}"},"query-input":{"@type":"PropertyValueSpecification","valueRequired":true,"valueName":"search_term_string"}}],"inLanguage":"fr-FR"},{"@type":"Person","@id":"https:\/\/new.dutchdakota.nl\/fr\/#\/schema\/person\/18d8b7743354ea585bf155e329c951eb","name":"Cinette Wassing-Philips","image":{"@type":"ImageObject","inLanguage":"fr-FR","@id":"https:\/\/dutchdakota.nl\/wp-content\/litespeed\/avatar\/d6af7227cc7b4871a4007f48e8b4a203.jpg?ver=1777510017","url":"https:\/\/dutchdakota.nl\/wp-content\/litespeed\/avatar\/d6af7227cc7b4871a4007f48e8b4a203.jpg?ver=1777510017","contentUrl":"https:\/\/dutchdakota.nl\/wp-content\/litespeed\/avatar\/d6af7227cc7b4871a4007f48e8b4a203.jpg?ver=1777510017","caption":"Cinette Wassing-Philips"},"url":"https:\/\/dutchdakota.nl\/fr\/nieuws\/author\/cinette\/"}]}},"_links":{"self":[{"href":"https:\/\/dutchdakota.nl\/fr\/wp-json\/wp\/v2\/posts\/73882","targetHints":{"allow":["GET"]}}],"collection":[{"href":"https:\/\/dutchdakota.nl\/fr\/wp-json\/wp\/v2\/posts"}],"about":[{"href":"https:\/\/dutchdakota.nl\/fr\/wp-json\/wp\/v2\/types\/post"}],"author":[{"embeddable":true,"href":"https:\/\/dutchdakota.nl\/fr\/wp-json\/wp\/v2\/users\/5"}],"replies":[{"embeddable":true,"href":"https:\/\/dutchdakota.nl\/fr\/wp-json\/wp\/v2\/comments?post=73882"}],"version-history":[{"count":0,"href":"https:\/\/dutchdakota.nl\/fr\/wp-json\/wp\/v2\/posts\/73882\/revisions"}],"wp:featuredmedia":[{"embeddable":true,"href":"https:\/\/dutchdakota.nl\/fr\/wp-json\/wp\/v2\/media\/73813"}],"wp:attachment":[{"href":"https:\/\/dutchdakota.nl\/fr\/wp-json\/wp\/v2\/media?parent=73882"}],"wp:term":[{"taxonomy":"category","embeddable":true,"href":"https:\/\/dutchdakota.nl\/fr\/wp-json\/wp\/v2\/categories?post=73882"},{"taxonomy":"post_tag","embeddable":true,"href":"https:\/\/dutchdakota.nl\/fr\/wp-json\/wp\/v2\/tags?post=73882"}],"curies":[{"name":"wp","href":"https:\/\/api.w.org\/{rel}","templated":true}]}}